{"id":1202,"date":"2022-04-06T16:35:12","date_gmt":"2022-04-06T14:35:12","guid":{"rendered":"https:\/\/artsmartiauxdardilly.fr\/?p=1202"},"modified":"2023-07-07T12:04:15","modified_gmt":"2023-07-07T10:04:15","slug":"notre-premiere-competition-2","status":"publish","type":"post","link":"http:\/\/artsmartiauxdardilly.fr\/index.php\/2022\/04\/06\/notre-premiere-competition-2\/","title":{"rendered":"Notre premi\u00e8re comp\u00e9tition"},"content":{"rendered":"<h2>La premi\u00e8re<\/h2>\n<p>Premi\u00e8re comp\u00e9tition pour nos judokas de l\u2019AMD : Tournoi des six dojos \u00e0 Genay<br \/>\nsamedi 5 mars 2022<\/p>\n<p>Onze participants au total qui sont all\u00e9s chercher de belles m\u00e9dailles.&nbsp;<\/p>\n<p>Ils ont d\u00e9couvert la joie de gagner un combat tout comme apprendre \u00e0 perdre et admettre que l\u2019adversaire \u00e9tait meilleur que nous.<br \/>\nCe n\u2019est que partie remise, maintenant place aux entra\u00eenements pour travailler davantage et aller chercher de nouvelles m\u00e9dailles pour les prochaines comp\u00e9titions.<\/p>\n<p>Nous remercions l&#8217;ensemble des parents d&#8217;avoir fait le d\u00e9placement et d&#8217;avoir cr\u00e9\u00e9 cette belle ambiance.<\/p>\n<h2>Les r\u00e9sultats<\/h2>\n<h2>Baby Judo :<\/h2>\n<p>FALCOT Axel 2\u00e8me&nbsp;<br \/>\nDUPONT Antoine 2\u00e8me<\/p>\n<h2>Mini-Poussins :<\/h2>\n<p>CHAUVANCY Iyed 1er&nbsp;<br \/>\nFRANC-SAIFI Yannis 1er&nbsp;<br \/>\nAMMARI Billel 1er&nbsp;<br \/>\nBRAHIMI Amir 2\u00e8me&nbsp;<br \/>\nCLAIN Yanis 3\u00e8me&nbsp;<br \/>\nAMMARI Yasser 3\u00e8me&nbsp;<br \/>\nBOULAT Alexio 3\u00e8me&nbsp;<\/p>\n<h2>Poussins :<\/h2>\n<p>BRAHIMI Amina 2\u00e8me&nbsp;<br \/>\nCHAUVANCY Elyes 4\u00e8me<\/p>\n<h2>Bravo \u00e0 tous !<\/h2>\n<p><img data-opt-id=1902099344  fetchpriority=\"high\" loading=\"lazy\" decoding=\"async\" width=\"320\" height=\"240\" src=\"https:\/\/mlemy9i9fbke.i.optimole.com\/w:auto\/h:auto\/q:mauto\/f:best\/http:\/\/artsmartiauxdardilly.fr\/wp-content\/uploads\/2022\/03\/PHOTO-2022-03-05-19-01-57.jpg\" alt=\"premi\u00e8re comp\u00e9tition\" loading=\"lazy\" srcset=\"https:\/\/mlemy9i9fbke.i.optimole.com\/w:auto\/h:auto\/q:mauto\/f:best\/http:\/\/artsmartiauxdardilly.fr\/wp-content\/uploads\/2022\/03\/PHOTO-2022-03-05-19-01-57.jpg 320w, https:\/\/mlemy9i9fbke.i.optimole.com\/w:300\/h:225\/q:mauto\/f:best\/http:\/\/artsmartiauxdardilly.fr\/wp-content\/uploads\/2022\/03\/PHOTO-2022-03-05-19-01-57.jpg 300w\" sizes=\"auto, (max-width: 320px) 100vw, 320px\"><br \/>\n<img data-opt-id=465400157  fetchpriority=\"high\" decoding=\"async\" src=\"https:\/\/mlemy9i9fbke.i.optimole.com\/w:auto\/h:auto\/q:mauto\/f:best\/http:\/\/artsmartiauxdardilly.fr\/wp-content\/uploads\/elementor\/thumbs\/PHOTO-2022-03-05-16-56-10-ply39zex5plxn86ywma0qeylid4zlmnkkcyod5eyk0.jpg\" title=\"Dorian et les poussins\" alt=\"premi\u00e8re comp\u00e9tition\"><br \/>\n<img data-opt-id=574617304  fetchpriority=\"high\" loading=\"lazy\" decoding=\"async\" width=\"1024\" height=\"768\" src=\"https:\/\/mlemy9i9fbke.i.optimole.com\/w:auto\/h:auto\/q:mauto\/f:best\/http:\/\/artsmartiauxdardilly.fr\/wp-content\/uploads\/2022\/03\/PHOTO-2022-03-05-16-56-09.jpg\" alt=\"premi\u00e8re comp\u00e9tition\" loading=\"lazy\" srcset=\"https:\/\/mlemy9i9fbke.i.optimole.com\/w:auto\/h:auto\/q:mauto\/f:best\/http:\/\/artsmartiauxdardilly.fr\/wp-content\/uploads\/2022\/03\/PHOTO-2022-03-05-16-56-09.jpg 1024w, https:\/\/mlemy9i9fbke.i.optimole.com\/w:300\/h:225\/q:mauto\/f:best\/http:\/\/artsmartiauxdardilly.fr\/wp-content\/uploads\/2022\/03\/PHOTO-2022-03-05-16-56-09.jpg 300w, https:\/\/mlemy9i9fbke.i.optimole.com\/w:768\/h:576\/q:mauto\/f:best\/http:\/\/artsmartiauxdardilly.fr\/wp-content\/uploads\/2022\/03\/PHOTO-2022-03-05-16-56-09.jpg 768w\" sizes=\"auto, (max-width: 1024px) 100vw, 1024px\"><\/p>\n<h2>Suivez-nous !<\/h2>\n<p><a href=\"https:\/\/www.facebook.com\/AMDJudoDardilly\" target=\"_blank\" rel=\"noopener\"><br \/>\n<\/a><br \/>\n<a href=\"https:\/\/www.instagram.com\/dojoamdjudodardilly\/?hl=fr\" target=\"_blank\" rel=\"noopener\"><br \/>\n<\/a><\/p>\n","protected":false},"excerpt":{"rendered":"<p>Premi\u00e8re comp\u00e9tition pour nos judokas de l\u2019AMD : Tournoi des six dojos \u00e0 Gen\u00eats samedi 5 mars 2022&#8230;<\/p>\n","protected":false},"author":5,"featured_media":0,"comment_status":"closed","ping_status":"closed","sticky":false,"template":"","format":"standard","meta":{"neve_meta_sidebar":"","neve_meta_container":"","neve_meta_enable_content_width":"","neve_meta_content_width":0,"neve_meta_title_alignment":"","neve_meta_author_avatar":"","neve_post_elements_order":"","neve_meta_disable_header":"","neve_meta_disable_footer":"","neve_meta_disable_title":"","footnotes":"","beyondwords_generate_audio":"","beyondwords_project_id":"","beyondwords_content_id":"","beyondwords_preview_token":"","beyondwords_player_style":"","beyondwords_language_id":"","beyondwords_title_voice_id":"","beyondwords_body_voice_id":"","beyondwords_summary_voice_id":"","beyondwords_error_message":"","beyondwords_disabled":"","beyondwords_delete_content":"","beyondwords_podcast_id":"","beyondwords_hash":"","publish_post_to_speechkit":"","speechkit_hash":"","speechkit_generate_audio":"","speechkit_project_id":"","speechkit_podcast_id":"","speechkit_error_message":"","speechkit_disabled":"","speechkit_access_key":"","speechkit_error":"","speechkit_info":"","speechkit_response":"","speechkit_retries":"","speechkit_status":"","speechkit_updated_at":"","_speechkit_link":"","_speechkit_text":""},"categories":[13],"tags":[],"class_list":["post-1202","post","type-post","status-publish","format-standard","hentry","category-nos-actualites"],"_links":{"self":[{"href":"http:\/\/artsmartiauxdardilly.fr\/index.php\/wp-json\/wp\/v2\/posts\/1202","targetHints":{"allow":["GET"]}}],"collection":[{"href":"http:\/\/artsmartiauxdardilly.fr\/index.php\/wp-json\/wp\/v2\/posts"}],"about":[{"href":"http:\/\/artsmartiauxdardilly.fr\/index.php\/wp-json\/wp\/v2\/types\/post"}],"author":[{"embeddable":true,"href":"http:\/\/artsmartiauxdardilly.fr\/index.php\/wp-json\/wp\/v2\/users\/5"}],"replies":[{"embeddable":true,"href":"http:\/\/artsmartiauxdardilly.fr\/index.php\/wp-json\/wp\/v2\/comments?post=1202"}],"version-history":[{"count":22,"href":"http:\/\/artsmartiauxdardilly.fr\/index.php\/wp-json\/wp\/v2\/posts\/1202\/revisions"}],"predecessor-version":[{"id":1857,"href":"http:\/\/artsmartiauxdardilly.fr\/index.php\/wp-json\/wp\/v2\/posts\/1202\/revisions\/1857"}],"wp:attachment":[{"href":"http:\/\/artsmartiauxdardilly.fr\/index.php\/wp-json\/wp\/v2\/media?parent=1202"}],"wp:term":[{"taxonomy":"category","embeddable":true,"href":"http:\/\/artsmartiauxdardilly.fr\/index.php\/wp-json\/wp\/v2\/categories?post=1202"},{"taxonomy":"post_tag","embeddable":true,"href":"http:\/\/artsmartiauxdardilly.fr\/index.php\/wp-json\/wp\/v2\/tags?post=1202"}],"curies":[{"name":"wp","href":"https:\/\/api.w.org\/{rel}","templated":true}]}}