{"id":50,"date":"2022-01-04T15:47:18","date_gmt":"2022-01-04T14:47:18","guid":{"rendered":"http:\/\/artsmartiauxdardilly.fr\/?p=50"},"modified":"2023-07-07T12:10:40","modified_gmt":"2023-07-07T10:10:40","slug":"appearance-guide","status":"publish","type":"post","link":"http:\/\/artsmartiauxdardilly.fr\/index.php\/2022\/01\/04\/appearance-guide\/","title":{"rendered":"Le judo, c&#8217;est quoi ?"},"content":{"rendered":"<p>Le judo voit le jour en 1882 par son cr\u00e9ateur japonais : Jigoro Kano (1860-1938).<\/p>\n<p>Il enseigne l\u2019art martial dans un temple.&nbsp;<\/p>\n<p>Jigoro Kano, \u00e9tudie d\u2019abord le ju-jitsu. Il souhaite apprendre les techniques de d\u00e9fense, de combat et progresse rapidement.&nbsp; Cependant, jugeant cette pratique encore trop violente, il s\u2019inspira des sports de combats traditionnels et des sports de d\u00e9fenses traditionnels.&nbsp;<\/p>\n<p>Il cr\u00e9a le judo dans le but de respecter et reconna\u00eetre les traditions japonaises, de mani\u00e8re moins violente et plus technique&nbsp;!<\/p>\n<h2>Jigoro Kano<\/h2>\n<figure><img data-opt-id=1833763599  fetchpriority=\"high\" loading=\"lazy\" decoding=\"async\" width=\"378\" height=\"469\" src=\"https:\/\/mlemy9i9fbke.i.optimole.com\/w:auto\/h:auto\/q:mauto\/f:best\/http:\/\/artsmartiauxdardilly.fr\/wp-content\/uploads\/2022\/01\/Kano_Jigoro.jpg\" alt=\"Jigoro KANO\" loading=\"lazy\"><\/figure>\n<p>Jigoro KANO a r\u00e9sum\u00e9 ainsi son entreprise :<br \/>\n&#8220;Le Judo est l\u2019\u00e9l\u00e9vation d\u2019une simple technique \u00e0 un principe de vivre&#8221;.<br \/>\n&#8220;En \u00e9tudiant le Judo, il est essentiel d\u2019entra\u00eener le corps et de cultiver l\u2019esprit \u00e0 travers la pratique des m\u00e9thodes d\u2019attaque et de d\u00e9fense, et ainsi de ma\u00eetriser son principe.&#8221;&nbsp;<\/p>\n<figure><img data-opt-id=630642522  fetchpriority=\"high\" decoding=\"async\" src=\"https:\/\/mlemy9i9fbke.i.optimole.com\/w:1536\/h:1069\/q:mauto\/f:best\/http:\/\/artsmartiauxdardilly.fr\/wp-content\/uploads\/2022\/01\/nando-garcia-qBJZUtmkPJ4-unsplash.jpg\" alt=\"Aikido\"><\/figure>\n<figure><img data-opt-id=1888046449  fetchpriority=\"high\" decoding=\"async\" src=\"https:\/\/mlemy9i9fbke.i.optimole.com\/w:1536\/h:1024\/q:mauto\/f:best\/http:\/\/artsmartiauxdardilly.fr\/wp-content\/uploads\/2022\/01\/the-young-man-are-training-aikido-at-studio.jpg\" alt=\"ko-bundo\"><\/figure>\n<figure><img data-opt-id=736661274  data-opt-src=\"https:\/\/mlemy9i9fbke.i.optimole.com\/w:1536\/h:1024\/q:mauto\/f:best\/http:\/\/artsmartiauxdardilly.fr\/wp-content\/uploads\/2022\/01\/the-young-man-is-training-aikido-at-studio.jpg\"  decoding=\"async\" src=\"https:\/\/mlemy9i9fbke.i.optimole.com\/w:1536\/h:1024\/q:eco\/f:best\/http:\/\/artsmartiauxdardilly.fr\/wp-content\/uploads\/2022\/01\/the-young-man-is-training-aikido-at-studio.jpg\" alt=\"aikido et samourai\"><noscript><img data-opt-id=736661274  decoding=\"async\" src=\"https:\/\/mlemy9i9fbke.i.optimole.com\/w:1536\/h:1024\/q:mauto\/f:best\/http:\/\/artsmartiauxdardilly.fr\/wp-content\/uploads\/2022\/01\/the-young-man-is-training-aikido-at-studio.jpg\" alt=\"aikido et samourai\"></noscript><\/figure>\n<figure><img data-opt-id=1113212138  data-opt-src=\"https:\/\/mlemy9i9fbke.i.optimole.com\/w:1536\/h:1024\/q:mauto\/f:best\/http:\/\/artsmartiauxdardilly.fr\/wp-content\/uploads\/2022\/01\/jason-briscoe-HN_4K2diUWs-unsplash.jpg\"  decoding=\"async\" src=\"https:\/\/mlemy9i9fbke.i.optimole.com\/w:1536\/h:1024\/q:eco\/f:best\/http:\/\/artsmartiauxdardilly.fr\/wp-content\/uploads\/2022\/01\/jason-briscoe-HN_4K2diUWs-unsplash.jpg\" alt=\"aikido\"><noscript><img data-opt-id=1113212138  decoding=\"async\" src=\"https:\/\/mlemy9i9fbke.i.optimole.com\/w:1536\/h:1024\/q:mauto\/f:best\/http:\/\/artsmartiauxdardilly.fr\/wp-content\/uploads\/2022\/01\/jason-briscoe-HN_4K2diUWs-unsplash.jpg\" alt=\"aikido\"></noscript><\/figure>\n<p>Pr\u00e9c\u00e9dent<br \/>\nSuivant<\/p>\n<p>En effet, les arts martiaux sont des sports de combat aussi bien orient\u00e9s d\u00e9fense qu\u2019attaque.<\/p>\n<p>Par exemple, le karat\u00e9, est un sport d\u2019attaque.<\/p>\n<p>Autre exemple, les samoura\u00efs utilisaient des armes pour ces sports comme le ko-budo.<\/p>\n<p>A l\u2019inverse, le judo est un sport de combat orient\u00e9 d\u00e9fense, comme l\u2019aikido.<\/p>\n<p>De plus, comme l\u2019a\u00efkido, la technique du judo consiste \u00e0 ne pas r\u00e9sister \u00e0 son adversaire mais utiliser sa force contre lui.<\/p>\n<p>Le judo n\u2019a cess\u00e9 d\u2019\u00e9voluer et repr\u00e9sente aujourd\u2019hui une m\u00e9thode d\u2019\u00e9ducation physique et mentale.<\/p>\n<p>Le judo se d\u00e9finit comme un sport de d\u00e9fense mais surtout un sport de technique&nbsp;!<\/p>\n<h2>Quel \u00e9tait le tapis traditionnel ?<\/h2>\n<p>Au d\u00e9part, le judo s\u2019exer\u00e7ait sur des tapis de paille.<\/p>\n<p>La notion de \u00ab&nbsp;tatami&nbsp;\u00bb tel qu\u2019on le conna\u00eet se d\u00e9veloppe bien plus tard apr\u00e8s sa cr\u00e9ation.<\/p>\n<p>En effet, au d\u00e9part le \u00ab&nbsp;tatami&nbsp;\u00bb n\u2019\u00e9tait rien d\u2019autre d\u2019un tapis de paille de riz.<\/p>\n<p>Ce tapis ne servait pas que pour ce sport mais \u00e9galement pour les si\u00e8ges des r\u00e9sidences aristocratiques.<\/p>\n<p>Ensuite, vers 1300, naissent les washitsu&nbsp;: pi\u00e8ces consacr\u00e9es aux samoura\u00efs et enti\u00e8rement couvertes de ces tapis.<\/p>\n<p>Cette \u00ab&nbsp;mode&nbsp;\u00bb inspira les architectes japonais et seront les bases de l\u2019architecture \u00ab&nbsp;shoin&nbsp;\u00bb.<\/p>\n<p>Les japonais vivent dans des habitations de l\u2019architecture \u00ab shoin \u00bb, et ont des sols couverts de tatamis.<\/p>\n<p>Au d\u00e9veloppement de la modernisation et de l\u2019\u00e9poque moderne, les sols des habitations japonaises, comme le reste du monde deviennent du ciment, parquet ou pierre.<\/p>\n<p>Aujourd\u2019hui, le tatami, constitu\u00e9 principalement de mousse, sert de d\u00e9marcation de la zone de combat&nbsp;: chaque c\u00f4t\u00e9 mesure de huit \u00e0 dix m\u00e8tres.&nbsp;<\/p>\n<p>L\u2019ext\u00e9rieur de la zone de combat est symbolique aussi.<\/p>\n<p>Cette zone&nbsp;: \u00ab&nbsp;kamiza&nbsp;\u00bb, au nord, est l\u2019espace o\u00f9 p\u00e9n\u00e8tre l\u2019enseignant et re\u00e7oit le \u00ab&nbsp;lumi\u00e8re du sud&nbsp;\u00bb pour la transmettre \u00e0 l\u2019\u00e9l\u00e8ve.<\/p>\n<p>L\u2019\u00e9l\u00e8ve, lui, entre par le c\u00f4t\u00e9 oppos\u00e9&nbsp;: \u00ab&nbsp;shimoza&nbsp;\u00bb.<\/p>\n<h2>Pour tous les \u00e2ges ?<\/h2>\n<p>Sport d\u2019\u00e9quilibre, sport \u00e9ducatif, sport de d\u00e9fense, le judo est adapt\u00e9 \u00e0 toutes les tranches d\u2019\u00e2ge.<\/p>\n<p>V\u00e9ritable sport \u00e9ducatif, le judo permet \u00e0 chacun de devenir plus adroit, plus souple, plus fort mais aussi d\u2019apprendre \u00e0 respecter des r\u00e8gles, d\u00e9couvrir l\u2019entraide, \u00e9valuer ses forces et ses faiblesses pour progresser.<\/p>\n<p>Le judo est un sport pour tous qui procure un v\u00e9ritable \u00e9quilibre. Activit\u00e9 de d\u00e9tente et de plaisir, le judo est une discipline bas\u00e9e sur l\u2019\u00e9change et la progression. L\u2019apprentissage se fait de mani\u00e8re progressive en fonction des aptitudes de l\u2019individu, ce qui permet \u00e0 chacun d\u2019\u00e9voluer \u00e0 son rythme.<\/p>\n<p>Pour les enfants 4-5 ans, la F\u00e9d\u00e9ration a mis en place l\u2019\u00e9veil judo. P\u00e9dagogie adapt\u00e9e qui permet le d\u00e9veloppement physique et intellectuel des tr\u00e8s jeunes pratiquants. Le programme \u00c9veil-Judo est d\u00e9lib\u00e9r\u00e9ment construit, autour de l\u2019int\u00e9r\u00eat de l\u2019enfant, pour faciliter ses futurs apprentissages du judo et des activit\u00e9s sportives et artistiques en g\u00e9n\u00e9ral.<\/p>\n<p dir=\"ltr\" style=\"line-height: 1.295; margin-top: 0pt; margin-bottom: 8pt;\"><em>Pour finir, vous pouvez retrouver tout le r\u00e8glement du judo sur ce site&nbsp;: R\u00e8glement du judo&nbsp;: https:\/\/passyonjudo.wordpress.com\/les-activites\/le-judo\/les-regles-du-judo\/<\/em><\/p>\n<h2>Suivez-nous !<\/h2>\n<p><a href=\"\"><br \/>\n<\/a><br \/>\n<a href=\"https:\/\/www.instagram.com\/dojoamdjudodardilly\/?hl=fr\" target=\"_blank\" rel=\"noopener\"><br \/>\n<\/a><\/p>\n","protected":false},"excerpt":{"rendered":"<p>Le judo voit le jour en 1882 par son cr\u00e9ateur japonais : Jigoro Kano (1860-1938).<\/p>\n<p>Il enseigne L\u2019art martial dans un temple. <\/p>\n","protected":false},"author":5,"featured_media":1945,"comment_status":"closed","ping_status":"closed","sticky":true,"template":"","format":"standard","meta":{"neve_meta_sidebar":"","neve_meta_container":"","neve_meta_enable_content_width":"","neve_meta_content_width":0,"neve_meta_title_alignment":"","neve_meta_author_avatar":"","neve_post_elements_order":"","neve_meta_disable_header":"","neve_meta_disable_footer":"","neve_meta_disable_title":"","footnotes":"","beyondwords_generate_audio":"","beyondwords_project_id":"","beyondwords_content_id":"","beyondwords_preview_token":"","beyondwords_player_style":"","beyondwords_language_id":"","beyondwords_title_voice_id":"","beyondwords_body_voice_id":"","beyondwords_summary_voice_id":"","beyondwords_error_message":"","beyondwords_disabled":"","beyondwords_delete_content":"","beyondwords_podcast_id":"","beyondwords_hash":"","publish_post_to_speechkit":"","speechkit_hash":"","speechkit_generate_audio":"","speechkit_project_id":"","speechkit_podcast_id":"","speechkit_error_message":"","speechkit_disabled":"","speechkit_access_key":"","speechkit_error":"","speechkit_info":"","speechkit_response":"","speechkit_retries":"","speechkit_status":"","speechkit_updated_at":"","_speechkit_link":"","_speechkit_text":""},"categories":[3],"tags":[5,4,6,7,8],"class_list":["post-50","post","type-post","status-publish","format-standard","has-post-thumbnail","hentry","category-judo","tag-cest-quoi-le-judo","tag-judo","tag-judo-2022","tag-sport-de-combat","tag-sport-de-defense"],"_links":{"self":[{"href":"http:\/\/artsmartiauxdardilly.fr\/index.php\/wp-json\/wp\/v2\/posts\/50","targetHints":{"allow":["GET"]}}],"collection":[{"href":"http:\/\/artsmartiauxdardilly.fr\/index.php\/wp-json\/wp\/v2\/posts"}],"about":[{"href":"http:\/\/artsmartiauxdardilly.fr\/index.php\/wp-json\/wp\/v2\/types\/post"}],"author":[{"embeddable":true,"href":"http:\/\/artsmartiauxdardilly.fr\/index.php\/wp-json\/wp\/v2\/users\/5"}],"replies":[{"embeddable":true,"href":"http:\/\/artsmartiauxdardilly.fr\/index.php\/wp-json\/wp\/v2\/comments?post=50"}],"version-history":[{"count":62,"href":"http:\/\/artsmartiauxdardilly.fr\/index.php\/wp-json\/wp\/v2\/posts\/50\/revisions"}],"predecessor-version":[{"id":1352,"href":"http:\/\/artsmartiauxdardilly.fr\/index.php\/wp-json\/wp\/v2\/posts\/50\/revisions\/1352"}],"wp:featuredmedia":[{"embeddable":true,"href":"http:\/\/artsmartiauxdardilly.fr\/index.php\/wp-json\/wp\/v2\/media\/1945"}],"wp:attachment":[{"href":"http:\/\/artsmartiauxdardilly.fr\/index.php\/wp-json\/wp\/v2\/media?parent=50"}],"wp:term":[{"taxonomy":"category","embeddable":true,"href":"http:\/\/artsmartiauxdardilly.fr\/index.php\/wp-json\/wp\/v2\/categories?post=50"},{"taxonomy":"post_tag","embeddable":true,"href":"http:\/\/artsmartiauxdardilly.fr\/index.php\/wp-json\/wp\/v2\/tags?post=50"}],"curies":[{"name":"wp","href":"https:\/\/api.w.org\/{rel}","templated":true}]}}